{"id":559,"date":"2026-08-28T12:47:26","date_gmt":"2026-08-28T12:47:26","guid":{"rendered":"https:\/\/www.sumaplan.org\/?p=559"},"modified":"2026-08-30T12:50:02","modified_gmt":"2026-08-30T12:50:02","slug":"sastanak-u-predstavnistvu-republike-srpske-u-austriji","status":"publish","type":"post","link":"https:\/\/www.sumaplan.org\/?p=559","title":{"rendered":"Sastanak u Predstavni\u0161tvu Republike Srpske u Austriji"},"content":{"rendered":"\n<p class=\"wp-block-paragraph\">Direktor preduze\u0107a \u201e\u0160uma Plan\u201c d.o.o. Banja Luka, \u0110or\u0111e Topi\u0107, boravio je 28. avgusta 2026. godine u Be\u010du, gdje je u Predstavni\u0161tvu Republike Srpske u Austriji odr\u017ean sastanak sa \u0161efom Predstavni\u0161tva, Mladenom Filipovi\u0107em.<\/p>\n\n\n\n<p class=\"wp-block-paragraph\">Tokom sastanka razgovarano je o mogu\u0107nostima poslovnog povezivanja i saradnje sa partnerima na austrijskom tr\u017ei\u0161tu, kao i o potencijalima za predstavljanje usluga i stru\u010dnih kapaciteta preduze\u0107a \u201e\u0160uma Plan\u201c na tr\u017ei\u0161tu Austrije.<\/p>\n\n\n\n<p class=\"wp-block-paragraph\">Sastanak je predstavljao priliku za razmjenu informacija o mogu\u0107nostima saradnje i narednim koracima u cilju povezivanja sa potencijalnim partnerima u Austriji.<\/p>\n","protected":false},"excerpt":{"rendered":"<p>Direktor preduze\u0107a \u201e\u0160uma Plan\u201c d.o.o. Banja Luka, \u0110or\u0111e Topi\u0107, boravio je 28. avgusta 2026. godine u Be\u010du, gdje je u Predstavni\u0161tvu Republike Srpske u Austriji odr\u017ean sastanak sa \u0161efom Predstavni\u0161tva, Mladenom Filipovi\u0107em. Tokom sastanka razgovarano je o mogu\u0107nostima poslovnog povezivanja i saradnje sa partnerima na austrijskom tr\u017ei\u0161tu, kao i o potencijalima za predstavljanje usluga i [&hellip;]<\/p>\n","protected":false},"author":1,"featured_media":561,"comment_status":"closed","ping_status":"closed","sticky":false,"template":"","format":"standard","meta":{"footnotes":""},"categories":[3],"tags":[],"class_list":["post-559","post","type-post","status-publish","format-standard","has-post-thumbnail","hentry","category-novosti"],"_links":{"self":[{"href":"https:\/\/www.sumaplan.org\/index.php?rest_route=\/wp\/v2\/posts\/559","targetHints":{"allow":["GET"]}}],"collection":[{"href":"https:\/\/www.sumaplan.org\/index.php?rest_route=\/wp\/v2\/posts"}],"about":[{"href":"https:\/\/www.sumaplan.org\/index.php?rest_route=\/wp\/v2\/types\/post"}],"author":[{"embeddable":true,"href":"https:\/\/www.sumaplan.org\/index.php?rest_route=\/wp\/v2\/users\/1"}],"replies":[{"embeddable":true,"href":"https:\/\/www.sumaplan.org\/index.php?rest_route=%2Fwp%2Fv2%2Fcomments&post=559"}],"version-history":[{"count":1,"href":"https:\/\/www.sumaplan.org\/index.php?rest_route=\/wp\/v2\/posts\/559\/revisions"}],"predecessor-version":[{"id":560,"href":"https:\/\/www.sumaplan.org\/index.php?rest_route=\/wp\/v2\/posts\/559\/revisions\/560"}],"wp:featuredmedia":[{"embeddable":true,"href":"https:\/\/www.sumaplan.org\/index.php?rest_route=\/wp\/v2\/media\/561"}],"wp:attachment":[{"href":"https:\/\/www.sumaplan.org\/index.php?rest_route=%2Fwp%2Fv2%2Fmedia&parent=559"}],"wp:term":[{"taxonomy":"category","embeddable":true,"href":"https:\/\/www.sumaplan.org\/index.php?rest_route=%2Fwp%2Fv2%2Fcategories&post=559"},{"taxonomy":"post_tag","embeddable":true,"href":"https:\/\/www.sumaplan.org\/index.php?rest_route=%2Fwp%2Fv2%2Ftags&post=559"}],"curies":[{"name":"wp","href":"https:\/\/api.w.org\/{rel}","templated":true}]}}